{"id":645,"date":"2025-07-03T12:32:12","date_gmt":"2025-07-03T10:32:12","guid":{"rendered":"https:\/\/hortifruit.com\/?p=645"},"modified":"2025-07-03T12:32:51","modified_gmt":"2025-07-03T10:32:51","slug":"productores-de-aguacate-en-espana-preven-un-aumento-del-20-en-la-cosecha-gracias-a-las-lluvias","status":"publish","type":"post","link":"https:\/\/hortifruit.com\/de\/productores-de-aguacate-en-espana-preven-un-aumento-del-20-en-la-cosecha-gracias-a-las-lluvias\/","title":{"rendered":"Avocado-Anbauer in Spanien erwarten dank der Regenf\u00e4lle eine 20-prozentige Steigerung der Ernte."},"content":{"rendered":"<div data-elementor-type=\"wp-post\" data-elementor-id=\"645\" class=\"elementor elementor-645\" data-elementor-post-type=\"post\">\n\t\t\t\t<div class=\"elementor-element elementor-element-b1c123b e-flex e-con-boxed e-con e-parent\" data-id=\"b1c123b\" data-element_type=\"container\">\n\t\t\t\t\t<div class=\"e-con-inner\">\n\t\t\t\t<div class=\"elementor-element elementor-element-9afda96 elementor-widget elementor-widget-text-editor\" data-id=\"9afda96\" data-element_type=\"widget\" data-widget_type=\"text-editor.default\">\n\t\t\t\t<div class=\"elementor-widget-container\">\n\t\t\t\t\t\t\t\t\t<p>Die in den letzten Monaten verzeichneten Regenf\u00e4lle hatten einen positiven Einfluss auf den Avocado-Anbau in Spanien und f\u00fchrten Branchendaten zufolge zu einem Produktionswachstum von sch\u00e4tzungsweise 20 % im Vergleich zur vorherigen Saison.<br \/><br \/>Diese Erholung stellt nach mehreren von Wasserknappheit gepr\u00e4gten Jahreszeiten eine deutliche Verbesserung dar und best\u00e4rkt die optimistischen Erwartungen f\u00fcr das n\u00e4chste Jahr. Obwohl das Niveau vor der Klimakrise noch nicht erreicht wurde, zeigt der Trend eindeutig nach oben.<br \/><br \/>Die Erntemenge hat 75.000 Tonnen \u00fcberschritten, wobei die Regenf\u00e4lle im Sp\u00e4twinter und ein sehr g\u00fcnstiger Fr\u00fchling, insbesondere in Ostandalusien, einen entscheidenden Impuls gegeben haben.<br \/>Dar\u00fcber hinaus tragen neue Anbaugebiete in Provinzen wie C\u00e1diz, Huelva und der Valencianischen Gemeinschaft zunehmend zum Volumen bei und festigen so das Wachstum der nationalen Avocado-Industrie.<br \/><br \/>Nach einer vorangegangenen Kampagne, die von Wasserbeschr\u00e4nkungen gepr\u00e4gt war, zeigt der Sektor klare Anzeichen einer Erholung.<\/p>\t\t\t\t\t\t\t\t<\/div>\n\t\t\t\t<\/div>\n\t\t\t\t\t<\/div>\n\t\t\t\t<\/div>\n\t\t\t\t<\/div>","protected":false},"excerpt":{"rendered":"<p>Die Regenf\u00e4lle der letzten Monate haben sich positiv auf den Avocadoanbau in Spanien ausgewirkt und Branchendaten zufolge zu einem Produktionswachstum von sch\u00e4tzungsweise 20 % im Vergleich zur Vorsaison gef\u00fchrt. Dieser Anstieg stellt nach mehreren von Wasserknappheit gepr\u00e4gten Saisons eine deutliche Verbesserung dar und st\u00e4rkt die [\u2026]<\/p>","protected":false},"author":2,"featured_media":646,"comment_status":"open","ping_status":"open","sticky":false,"template":"","format":"standard","meta":{"inline_featured_image":false,"footnotes":""},"categories":[1],"tags":[],"class_list":["post-645","post","type-post","status-publish","format-standard","has-post-thumbnail","hentry","category-sin-categoria"],"_links":{"self":[{"href":"https:\/\/hortifruit.com\/de\/wp-json\/wp\/v2\/posts\/645","targetHints":{"allow":["GET"]}}],"collection":[{"href":"https:\/\/hortifruit.com\/de\/wp-json\/wp\/v2\/posts"}],"about":[{"href":"https:\/\/hortifruit.com\/de\/wp-json\/wp\/v2\/types\/post"}],"author":[{"embeddable":true,"href":"https:\/\/hortifruit.com\/de\/wp-json\/wp\/v2\/users\/2"}],"replies":[{"embeddable":true,"href":"https:\/\/hortifruit.com\/de\/wp-json\/wp\/v2\/comments?post=645"}],"version-history":[{"count":4,"href":"https:\/\/hortifruit.com\/de\/wp-json\/wp\/v2\/posts\/645\/revisions"}],"predecessor-version":[{"id":650,"href":"https:\/\/hortifruit.com\/de\/wp-json\/wp\/v2\/posts\/645\/revisions\/650"}],"wp:featuredmedia":[{"embeddable":true,"href":"https:\/\/hortifruit.com\/de\/wp-json\/wp\/v2\/media\/646"}],"wp:attachment":[{"href":"https:\/\/hortifruit.com\/de\/wp-json\/wp\/v2\/media?parent=645"}],"wp:term":[{"taxonomy":"category","embeddable":true,"href":"https:\/\/hortifruit.com\/de\/wp-json\/wp\/v2\/categories?post=645"},{"taxonomy":"post_tag","embeddable":true,"href":"https:\/\/hortifruit.com\/de\/wp-json\/wp\/v2\/tags?post=645"}],"curies":[{"name":"wp","href":"https:\/\/api.w.org\/{rel}","templated":true}]}}