{"id":680,"date":"2025-07-14T13:16:43","date_gmt":"2025-07-14T11:16:43","guid":{"rendered":"https:\/\/hortifruit.com\/?p=680"},"modified":"2025-07-14T14:44:37","modified_gmt":"2025-07-14T12:44:37","slug":"hortifruit-2025-presenta-un-programa-tecnico-clave-para-el-futuro-de-la-agricultura","status":"publish","type":"post","link":"https:\/\/hortifruit.com\/de\/hortifruit-2025-presenta-un-programa-tecnico-clave-para-el-futuro-de-la-agricultura\/","title":{"rendered":"Hortifruit 2025 pr\u00e4sentiert ein wichtiges technisches Programm f\u00fcr die Zukunft der Landwirtschaft"},"content":{"rendered":"<div data-elementor-type=\"wp-post\" data-elementor-id=\"680\" class=\"elementor elementor-680\" data-elementor-post-type=\"post\">\n\t\t\t\t<div class=\"elementor-element elementor-element-b1c123b e-flex e-con-boxed e-con e-parent\" data-id=\"b1c123b\" data-element_type=\"container\">\n\t\t\t\t\t<div class=\"e-con-inner\">\n\t\t\t\t<div class=\"elementor-element elementor-element-9afda96 elementor-widget elementor-widget-text-editor\" data-id=\"9afda96\" data-element_type=\"widget\" data-widget_type=\"text-editor.default\">\n\t\t\t\t<div class=\"elementor-widget-container\">\n\t\t\t\t\t\t\t\t\t<p>Vom 20. bis 22. November findet im Messe- und Ausstellungspalast der Region Murcia statt <strong>HortiFruit 2025<\/strong>, die Veranstaltung, die die wichtigsten Akteure des Obst- und Gem\u00fcsesektors auf nationaler und internationaler Ebene zusammenbringt. Zu den bemerkenswertesten Aktivit\u00e4ten geh\u00f6rt ein umfassendes <strong>Block \u201eTechnische Gespr\u00e4che\u201c<\/strong> und ein <strong>Runder Tisch<\/strong> in dem die gro\u00dfen Herausforderungen und Ver\u00e4nderungen angegangen werden, die die Zukunft der Landwirtschaft pr\u00e4gen werden.<\/p><p><strong>Ein Raum f\u00fcr Wissenstransfer und Innovation<\/strong><\/p><p>Die Technical Talks bieten einen praktischen und aktuellen \u00dcberblick \u00fcber die wichtigsten Themen der Branche und behandeln Schl\u00fcsselfragen wie:<\/p><ul><li><strong>K\u00fcnstliche Intelligenz und Innovation in diesem Bereich:<\/strong> Wie Technologie das landwirtschaftliche Management, die Effizienz und die Entscheidungsfindung revolutioniert.<\/li><li><strong>Digitales Feldnotizbuch:<\/strong> Instrument des Ministeriums zur Gew\u00e4hrleistung der R\u00fcckverfolgbarkeit, Einhaltung gesetzlicher Vorschriften und effizienten Bewirtschaftung landwirtschaftlicher Betriebe.<\/li><li><strong>GAP Global-Zertifizierung:<\/strong> internationale Standards, die die Qualit\u00e4t, Lebensmittelsicherheit und Nachhaltigkeit der landwirtschaftlichen Produktion gew\u00e4hrleisten.<\/li><li><strong>Landwirtschaftliche Mechanisierung und Robotik:<\/strong> Prozessautomatisierung als Treiber der Wettbewerbsf\u00e4higkeit moderner landwirtschaftlicher Betriebe.<\/li><li><strong>Pflanzengesundheit:<\/strong> Wirksame Strategien zum Pflanzenschutz durch integrierte Kontrolle und nachhaltige Alternativen.<\/li><li><strong>Effizientes Wassermanagement:<\/strong> L\u00f6sungen zur Optimierung der Bew\u00e4sserung und Reduzierung der Umweltbelastung im Kontext der Wasserknappheit.<br \/><br \/><\/li><\/ul><p>Die Vortr\u00e4ge finden in einem flexiblen Format statt und bieten R\u00e4ume f\u00fcr Begegnungen und den Austausch von Ideen. Die Sitzungen werden von Fr\u00fchst\u00fcck und Mittagessen begleitet, wodurch eine angenehme und dynamische Atmosph\u00e4re entsteht, die das Networking f\u00f6rdert.<\/p><p><strong>Runder Tisch: Offener Dialog zu aktuellen Herausforderungen<\/strong><\/p><p>Abgerundet wird das Fachprogramm durch eine Podiumsdiskussion zu Nachhaltigkeit, Landarbeit und neuen Herausforderungen im Obst- und Gem\u00fcsemarketing. Dieser Raum dient dem Erfahrungsaustausch, der Identifizierung von Chancen und der Entwicklung gemeinsamer L\u00f6sungen auf Basis branchenspezifischer Erkenntnisse.<\/p><p>Mit diesem technischen Programm bekr\u00e4ftigt HortiFruit 2025 sein Engagement f\u00fcr Innovation, Nachhaltigkeit und die Transformation des Agrar- und Lebensmittelsektors. Eine unverzichtbare Veranstaltung f\u00fcr Fachleute, die nicht nur auf dem Laufenden bleiben, sondern auch die Zukunft der Landwirtschaft mitgestalten wollen.<\/p>\t\t\t\t\t\t\t\t<\/div>\n\t\t\t\t<\/div>\n\t\t\t\t\t<\/div>\n\t\t\t\t<\/div>\n\t\t\t\t<\/div>","protected":false},"excerpt":{"rendered":"<p>Vom 20. bis 22. November findet auf dem Messegel\u00e4nde der Region Murcia die HortiFruit 2025 statt, eine Veranstaltung, die wichtige Akteure der nationalen und internationalen Obst- und Gem\u00fcsebranche zusammenbringt. Zu den H\u00f6hepunkten z\u00e4hlen eine Reihe technischer Vortr\u00e4ge und eine Diskussionsrunde, die sich mit [\u2026]<\/p>","protected":false},"author":2,"featured_media":681,"comment_status":"open","ping_status":"open","sticky":false,"template":"","format":"standard","meta":{"inline_featured_image":false,"footnotes":""},"categories":[1],"tags":[],"class_list":["post-680","post","type-post","status-publish","format-standard","has-post-thumbnail","hentry","category-sin-categoria"],"_links":{"self":[{"href":"https:\/\/hortifruit.com\/de\/wp-json\/wp\/v2\/posts\/680","targetHints":{"allow":["GET"]}}],"collection":[{"href":"https:\/\/hortifruit.com\/de\/wp-json\/wp\/v2\/posts"}],"about":[{"href":"https:\/\/hortifruit.com\/de\/wp-json\/wp\/v2\/types\/post"}],"author":[{"embeddable":true,"href":"https:\/\/hortifruit.com\/de\/wp-json\/wp\/v2\/users\/2"}],"replies":[{"embeddable":true,"href":"https:\/\/hortifruit.com\/de\/wp-json\/wp\/v2\/comments?post=680"}],"version-history":[{"count":6,"href":"https:\/\/hortifruit.com\/de\/wp-json\/wp\/v2\/posts\/680\/revisions"}],"predecessor-version":[{"id":687,"href":"https:\/\/hortifruit.com\/de\/wp-json\/wp\/v2\/posts\/680\/revisions\/687"}],"wp:featuredmedia":[{"embeddable":true,"href":"https:\/\/hortifruit.com\/de\/wp-json\/wp\/v2\/media\/681"}],"wp:attachment":[{"href":"https:\/\/hortifruit.com\/de\/wp-json\/wp\/v2\/media?parent=680"}],"wp:term":[{"taxonomy":"category","embeddable":true,"href":"https:\/\/hortifruit.com\/de\/wp-json\/wp\/v2\/categories?post=680"},{"taxonomy":"post_tag","embeddable":true,"href":"https:\/\/hortifruit.com\/de\/wp-json\/wp\/v2\/tags?post=680"}],"curies":[{"name":"wp","href":"https:\/\/api.w.org\/{rel}","templated":true}]}}