{"id":757,"date":"2025-08-25T08:45:48","date_gmt":"2025-08-25T06:45:48","guid":{"rendered":"https:\/\/hortifruit.com\/?p=757"},"modified":"2025-08-25T08:45:50","modified_gmt":"2025-08-25T06:45:50","slug":"hortifruit-2025-lanza-su-sistema-de-citas-profesionales-para-potenciar-el-networking-agroalimentario","status":"publish","type":"post","link":"https:\/\/hortifruit.com\/de\/hortifruit-2025-lanza-su-sistema-de-citas-profesionales-para-potenciar-el-networking-agroalimentario\/","title":{"rendered":"HortiFruit 2025 f\u00fchrt sein professionelles Terminsystem ein, um die Vernetzung im Agrar- und Lebensmittelbereich zu f\u00f6rdern."},"content":{"rendered":"<p>HortiFruit 2025 unternimmt einen entscheidenden Schritt in seinem Engagement f\u00fcr Innovation und die Entwicklung echter Gesch\u00e4ftsm\u00f6glichkeiten f\u00fcr Fachleute im Agrar- und Lebensmittelsektor. Bei dieser neuen Ausgabe, die vom 20. bis 22. November im Palacio de Ferias y Exposiciones de la Regi\u00f3n de Murcia (IFEPA) stattfindet, wird zum ersten Mal ein Werbetool aktiviert. <strong>B2B-Berufstermine<\/strong> konzipiert f\u00fcr <strong>Maximieren Sie das Networking w\u00e4hrend der Messe<\/strong>.<\/p>\n\n\n\n<p><strong>Eine Plattform zum Planen von Meetings und Generieren von M\u00f6glichkeiten<\/strong><\/p>\n\n\n\n<p>Die neue Networking-Plattform, erreichbar von <a href=\"http:\/\/www.empresas.hortifruit.com\">empresas.hortifruit.com<\/a>, erm\u00f6glicht registrierten Ausstellern und Besuchern <strong>Meetings agil und organisiert organisieren<\/strong>, in Erwartung der Tage der Veranstaltung.<\/p>\n\n\n\n<p>Dieses Tool wurde entwickelt, um Treffen zwischen wichtigen Akteuren der Branche zu erleichtern: Produzenten, H\u00e4ndlern, Vermarktern, Anbietern von Agrartechnologien, Start-ups, Forschungszentren und internationalen Vertretern.<\/p>\n\n\n\n<p><strong>Einfache und effiziente Bedienung<\/strong><\/p>\n\n\n\n<p>Der Vorgang zur Teilnahme an diesem Meeting-System ist ganz einfach:<\/p>\n\n\n\n<ol class=\"wp-block-list\">\n<li>Erstellen Sie auf der Plattform ein berufliches Profil (privat oder gesch\u00e4ftlich).<\/li>\n\n\n\n<li>Greifen Sie auf die Suchmaschine der teilnehmenden Unternehmen zu.<\/li>\n\n\n\n<li>\u00dcberpr\u00fcfen Sie die verf\u00fcgbaren Profile und verf\u00fcgbaren Zeitpl\u00e4ne.<\/li>\n\n\n\n<li>Fordern Sie ein Treffen unter Angabe des Grundes f\u00fcr das Treffen an.<\/li>\n\n\n\n<li>Best\u00e4tigen Sie den Termin, sobald er von der anderen Partei angenommen wurde.<\/li>\n<\/ol>\n\n\n\n<p>W\u00e4hrend der Messe finden pers\u00f6nliche Treffen in daf\u00fcr vorgesehenen Bereichen des Veranstaltungsortes statt, um die Zeit zu optimieren und den Kontakt mit den wichtigsten Interessengruppen sicherzustellen.<\/p>\n\n\n\n<p><strong>Einen Schritt n\u00e4her an einer professionellen, effizienten und vernetzten Messe<\/strong><\/p>\n\n\n\n<p>Dieses Terminsystem ist Teil der strategischen Vision von HortiFruit als internationale Landwirtschaftsmesse, die sich an <strong>Transformation des Obst- und Gem\u00fcsesektors durch Wissen, Innovation und strategische Allianzen<\/strong>.<\/p>\n\n\n\n<p>Durch die Erm\u00f6glichung direkter Verbindungen und personalisierter Tagesordnungen festigt HortiFruit seine Rolle als Meeting-Plattform f\u00fcr die Entwicklung neuer Gesch\u00e4fte, technologischer Kooperationen und Internationalisierungsprojekte.<\/p>\n\n\n\n<p><strong>Nehmen Sie am Networking-Event HortiFruit 2025 teil<\/strong><\/p>\n\n\n\n<p>Alle Aussteller und Fachbesucher k\u00f6nnen dieses Tool kostenlos nutzen. Die Registrierung ist ab sofort m\u00f6glich \u00fcber <a href=\"http:\/\/www.empresas.hortifruit.com\">empresas.hortifruit.com<\/a>, wo Sie ein Profil erstellen, die Teilnehmer \u00fcberpr\u00fcfen und ab heute mit der Planung von Meetings beginnen k\u00f6nnen. Mit dieser Initiative bekr\u00e4ftigt HortiFruit sein Ziel, <strong>die f\u00fchrende Obst- und Gem\u00fcseveranstaltung in Spanien<\/strong>, nicht nur wegen seines Ausstellungsangebots, sondern auch wegen seiner F\u00e4higkeit, wertvolle strategische Kontakte f\u00fcr die Gegenwart und Zukunft der Branche zu kn\u00fcpfen.<\/p>","protected":false},"excerpt":{"rendered":"<p>HortiFruit 2025 macht einen entscheidenden Schritt in seinem Engagement f\u00fcr Innovation und die Entwicklung echter Gesch\u00e4ftsm\u00f6glichkeiten f\u00fcr Fachleute im Agrar- und Lebensmittelsektor. Diese neue Ausgabe, die vom 20. bis 22. November im Messe- und Ausstellungszentrum der Region Murcia (IFEPA) stattfindet, wird aktiviert von [\u2026]<\/p>","protected":false},"author":2,"featured_media":758,"comment_status":"open","ping_status":"open","sticky":false,"template":"","format":"standard","meta":{"inline_featured_image":false,"footnotes":""},"categories":[1],"tags":[],"class_list":["post-757","post","type-post","status-publish","format-standard","has-post-thumbnail","hentry","category-sin-categoria"],"_links":{"self":[{"href":"https:\/\/hortifruit.com\/de\/wp-json\/wp\/v2\/posts\/757","targetHints":{"allow":["GET"]}}],"collection":[{"href":"https:\/\/hortifruit.com\/de\/wp-json\/wp\/v2\/posts"}],"about":[{"href":"https:\/\/hortifruit.com\/de\/wp-json\/wp\/v2\/types\/post"}],"author":[{"embeddable":true,"href":"https:\/\/hortifruit.com\/de\/wp-json\/wp\/v2\/users\/2"}],"replies":[{"embeddable":true,"href":"https:\/\/hortifruit.com\/de\/wp-json\/wp\/v2\/comments?post=757"}],"version-history":[{"count":1,"href":"https:\/\/hortifruit.com\/de\/wp-json\/wp\/v2\/posts\/757\/revisions"}],"predecessor-version":[{"id":767,"href":"https:\/\/hortifruit.com\/de\/wp-json\/wp\/v2\/posts\/757\/revisions\/767"}],"wp:featuredmedia":[{"embeddable":true,"href":"https:\/\/hortifruit.com\/de\/wp-json\/wp\/v2\/media\/758"}],"wp:attachment":[{"href":"https:\/\/hortifruit.com\/de\/wp-json\/wp\/v2\/media?parent=757"}],"wp:term":[{"taxonomy":"category","embeddable":true,"href":"https:\/\/hortifruit.com\/de\/wp-json\/wp\/v2\/categories?post=757"},{"taxonomy":"post_tag","embeddable":true,"href":"https:\/\/hortifruit.com\/de\/wp-json\/wp\/v2\/tags?post=757"}],"curies":[{"name":"wp","href":"https:\/\/api.w.org\/{rel}","templated":true}]}}