{"id":846,"date":"2025-10-06T12:10:16","date_gmt":"2025-10-06T10:10:16","guid":{"rendered":"https:\/\/hortifruit.com\/?p=846"},"modified":"2025-10-06T12:11:16","modified_gmt":"2025-10-06T10:11:16","slug":"hortifruit-2025-se-presenta-oficialmente-en-fruit-attraction","status":"publish","type":"post","link":"https:\/\/hortifruit.com\/de\/hortifruit-2025-se-presenta-oficialmente-en-fruit-attraction\/","title":{"rendered":"HortiFruit 2025 wird offiziell auf der Fruit Attraction vorgestellt"},"content":{"rendered":"<div data-elementor-type=\"wp-post\" data-elementor-id=\"846\" class=\"elementor elementor-846\" data-elementor-post-type=\"post\">\n\t\t\t\t<div class=\"elementor-element elementor-element-36ee5456 e-flex e-con-boxed e-con e-parent\" data-id=\"36ee5456\" data-element_type=\"container\">\n\t\t\t\t\t<div class=\"e-con-inner\">\n\t\t\t\t<div class=\"elementor-element elementor-element-5e8f36bb elementor-widget elementor-widget-text-editor\" data-id=\"5e8f36bb\" data-element_type=\"widget\" data-widget_type=\"text-editor.default\">\n\t\t\t\t<div class=\"elementor-widget-container\">\n\t\t\t\t\t\t\t\t\t\n<p>Die offizielle Verleihungszeremonie von <strong>HortiFruit 2025<\/strong> im Rahmen der internationalen Messe <strong>Fruchtattraktion<\/strong> (Madrid), eines der wichtigsten Treffen f\u00fcr den Agrar- und Lebensmittelsektor in Europa.<\/p>\n<p>Die Veranstaltung fand statt im <strong>Stand der Region Murcia<\/strong> und hatte die Intervention von <strong>Pr\u00e4sident der Region Murcia, Fernando L\u00f3pez Miras<\/strong>und die <strong>Landwirtschaftsministerin Sara Rubira<\/strong>, der die strategische Bedeutung von HortiFruit 2025 als treibende Kraft f\u00fcr Innovation, Digitalisierung und Nachhaltigkeit im Obst- und Gem\u00fcsesektor hervorhob.<\/p>\n<p>W\u00e4hrend der Pr\u00e4sentation werden die wichtigsten Neuerungen dieser n\u00e4chsten Ausgabe vorgestellt, die vom <strong>20. bis 22. November<\/strong> darin <strong>Palast der Messen und Ausstellungen der Region Murcia (IFEPA \u2013 Torre Pacheco)<\/strong>Mit mehr als <strong>47.000 m\u00b2 Ausstellungsfl\u00e4che<\/strong>Die Messe bringt f\u00fchrende Unternehmen, Forschungszentren, Institutionen und Fachleute aus dem Agrarsektor zusammen und etabliert sich als zentraler Ort f\u00fcr Networking, Wissenstransfer und die Pr\u00e4sentation technologischer L\u00f6sungen f\u00fcr den Agrarsektor.<\/p>\n<p>HortiFruit 2025 ist positioniert als <strong>nationale und internationale Referenzveranstaltung<\/strong> f\u00fcr die Zukunft des Agrar- und Lebensmittelsektors, indem Innovation, Wirtschaft und Territorium miteinander verbunden werden.<\/p>\n\t\t\t\t\t\t\t\t<\/div>\n\t\t\t\t<\/div>\n\t\t\t\t\t<\/div>\n\t\t\t\t<\/div>\n\t\t\t\t<\/div>","protected":false},"excerpt":{"rendered":"<p>Die offizielle Pr\u00e4sentation von HortiFruit 2025 fand am 1. Oktober auf der internationalen Fachmesse Fruit Attraction (Madrid) statt, einem der wichtigsten Treffen der Agrar- und Ern\u00e4hrungswirtschaft in Europa. Die Veranstaltung fand am Stand der Region Murcia statt und beinhaltete eine Pr\u00e4sentation von [\u2026]<\/p>","protected":false},"author":2,"featured_media":848,"comment_status":"open","ping_status":"open","sticky":false,"template":"","format":"standard","meta":{"inline_featured_image":false,"footnotes":""},"categories":[1],"tags":[],"class_list":["post-846","post","type-post","status-publish","format-standard","has-post-thumbnail","hentry","category-sin-categoria"],"_links":{"self":[{"href":"https:\/\/hortifruit.com\/de\/wp-json\/wp\/v2\/posts\/846","targetHints":{"allow":["GET"]}}],"collection":[{"href":"https:\/\/hortifruit.com\/de\/wp-json\/wp\/v2\/posts"}],"about":[{"href":"https:\/\/hortifruit.com\/de\/wp-json\/wp\/v2\/types\/post"}],"author":[{"embeddable":true,"href":"https:\/\/hortifruit.com\/de\/wp-json\/wp\/v2\/users\/2"}],"replies":[{"embeddable":true,"href":"https:\/\/hortifruit.com\/de\/wp-json\/wp\/v2\/comments?post=846"}],"version-history":[{"count":4,"href":"https:\/\/hortifruit.com\/de\/wp-json\/wp\/v2\/posts\/846\/revisions"}],"predecessor-version":[{"id":851,"href":"https:\/\/hortifruit.com\/de\/wp-json\/wp\/v2\/posts\/846\/revisions\/851"}],"wp:featuredmedia":[{"embeddable":true,"href":"https:\/\/hortifruit.com\/de\/wp-json\/wp\/v2\/media\/848"}],"wp:attachment":[{"href":"https:\/\/hortifruit.com\/de\/wp-json\/wp\/v2\/media?parent=846"}],"wp:term":[{"taxonomy":"category","embeddable":true,"href":"https:\/\/hortifruit.com\/de\/wp-json\/wp\/v2\/categories?post=846"},{"taxonomy":"post_tag","embeddable":true,"href":"https:\/\/hortifruit.com\/de\/wp-json\/wp\/v2\/tags?post=846"}],"curies":[{"name":"wp","href":"https:\/\/api.w.org\/{rel}","templated":true}]}}