{"id":645,"date":"2025-07-03T12:32:12","date_gmt":"2025-07-03T10:32:12","guid":{"rendered":"https:\/\/hortifruit.com\/?p=645"},"modified":"2025-07-03T12:32:51","modified_gmt":"2025-07-03T10:32:51","slug":"productores-de-aguacate-en-espana-preven-un-aumento-del-20-en-la-cosecha-gracias-a-las-lluvias","status":"publish","type":"post","link":"https:\/\/hortifruit.com\/fr\/productores-de-aguacate-en-espana-preven-un-aumento-del-20-en-la-cosecha-gracias-a-las-lluvias\/","title":{"rendered":"Les producteurs d&#039;avocats en Espagne s&#039;attendent \u00e0 une augmentation de 20 % de la r\u00e9colte gr\u00e2ce aux pluies."},"content":{"rendered":"<div data-elementor-type=\"wp-post\" data-elementor-id=\"645\" class=\"elementor elementor-645\" data-elementor-post-type=\"post\">\n\t\t\t\t<div class=\"elementor-element elementor-element-b1c123b e-flex e-con-boxed e-con e-parent\" data-id=\"b1c123b\" data-element_type=\"container\">\n\t\t\t\t\t<div class=\"e-con-inner\">\n\t\t\t\t<div class=\"elementor-element elementor-element-9afda96 elementor-widget elementor-widget-text-editor\" data-id=\"9afda96\" data-element_type=\"widget\" data-widget_type=\"text-editor.default\">\n\t\t\t\t<div class=\"elementor-widget-container\">\n\t\t\t\t\t\t\t\t\t<p>Les pluies enregistr\u00e9es ces derniers mois ont eu un impact positif sur la culture de l&#039;avocat en Espagne, entra\u00eenant une croissance estim\u00e9e \u00e0 20 % de la production par rapport \u00e0 la saison pr\u00e9c\u00e9dente, selon les donn\u00e9es du secteur.<br \/><br \/>Ce rebond repr\u00e9sente une am\u00e9lioration significative apr\u00e8s plusieurs saisons affect\u00e9es par des p\u00e9nuries d&#039;eau et renforce les attentes optimistes pour l&#039;ann\u00e9e prochaine. Bien que les niveaux d&#039;avant la crise climatique n&#039;aient pas encore \u00e9t\u00e9 atteints, la tendance est clairement \u00e0 la hausse.<br \/><br \/>La r\u00e9colte a d\u00e9pass\u00e9 les 75 000 tonnes, gr\u00e2ce aux pluies de fin d&#039;hiver et \u00e0 un printemps tr\u00e8s favorable, notamment dans l&#039;est de l&#039;Andalousie.<br \/>De plus, de nouvelles zones de culture dans des provinces comme Cadix, Huelva et la Communaut\u00e9 valencienne ont commenc\u00e9 \u00e0 apporter du volume, consolidant ainsi la croissance de l&#039;industrie nationale de l&#039;avocat.<br \/><br \/>Apr\u00e8s une pr\u00e9c\u00e9dente campagne marqu\u00e9e par des restrictions d\u2019eau, le secteur montre des signes clairs de reprise.<\/p>\t\t\t\t\t\t\t\t<\/div>\n\t\t\t\t<\/div>\n\t\t\t\t\t<\/div>\n\t\t\t\t<\/div>\n\t\t\t\t<\/div>","protected":false},"excerpt":{"rendered":"<p>Les pluies enregistr\u00e9es ces derniers mois ont eu un impact positif sur la culture de l&#039;avocat en Espagne, entra\u00eenant une croissance de la production estim\u00e9e \u00e0 20 % par rapport \u00e0 la saison pr\u00e9c\u00e9dente, selon les donn\u00e9es du secteur. Cette augmentation repr\u00e9sente une am\u00e9lioration significative apr\u00e8s plusieurs saisons affect\u00e9es par des p\u00e9nuries d&#039;eau et renforce [\u2026]<\/p>","protected":false},"author":2,"featured_media":646,"comment_status":"open","ping_status":"open","sticky":false,"template":"","format":"standard","meta":{"inline_featured_image":false,"footnotes":""},"categories":[1],"tags":[],"class_list":["post-645","post","type-post","status-publish","format-standard","has-post-thumbnail","hentry","category-sin-categoria"],"_links":{"self":[{"href":"https:\/\/hortifruit.com\/fr\/wp-json\/wp\/v2\/posts\/645","targetHints":{"allow":["GET"]}}],"collection":[{"href":"https:\/\/hortifruit.com\/fr\/wp-json\/wp\/v2\/posts"}],"about":[{"href":"https:\/\/hortifruit.com\/fr\/wp-json\/wp\/v2\/types\/post"}],"author":[{"embeddable":true,"href":"https:\/\/hortifruit.com\/fr\/wp-json\/wp\/v2\/users\/2"}],"replies":[{"embeddable":true,"href":"https:\/\/hortifruit.com\/fr\/wp-json\/wp\/v2\/comments?post=645"}],"version-history":[{"count":4,"href":"https:\/\/hortifruit.com\/fr\/wp-json\/wp\/v2\/posts\/645\/revisions"}],"predecessor-version":[{"id":650,"href":"https:\/\/hortifruit.com\/fr\/wp-json\/wp\/v2\/posts\/645\/revisions\/650"}],"wp:featuredmedia":[{"embeddable":true,"href":"https:\/\/hortifruit.com\/fr\/wp-json\/wp\/v2\/media\/646"}],"wp:attachment":[{"href":"https:\/\/hortifruit.com\/fr\/wp-json\/wp\/v2\/media?parent=645"}],"wp:term":[{"taxonomy":"category","embeddable":true,"href":"https:\/\/hortifruit.com\/fr\/wp-json\/wp\/v2\/categories?post=645"},{"taxonomy":"post_tag","embeddable":true,"href":"https:\/\/hortifruit.com\/fr\/wp-json\/wp\/v2\/tags?post=645"}],"curies":[{"name":"wp","href":"https:\/\/api.w.org\/{rel}","templated":true}]}}