{"id":757,"date":"2025-08-25T08:45:48","date_gmt":"2025-08-25T06:45:48","guid":{"rendered":"https:\/\/hortifruit.com\/?p=757"},"modified":"2025-08-25T08:45:50","modified_gmt":"2025-08-25T06:45:50","slug":"hortifruit-2025-lanza-su-sistema-de-citas-profesionales-para-potenciar-el-networking-agroalimentario","status":"publish","type":"post","link":"https:\/\/hortifruit.com\/fr\/hortifruit-2025-lanza-su-sistema-de-citas-profesionales-para-potenciar-el-networking-agroalimentario\/","title":{"rendered":"HortiFruit 2025 lance son syst\u00e8me de rendez-vous professionnels pour dynamiser le r\u00e9seautage agroalimentaire."},"content":{"rendered":"<p>HortiFruit 2025 franchit une \u00e9tape d\u00e9cisive dans son engagement en faveur de l&#039;innovation et du d\u00e9veloppement de r\u00e9elles opportunit\u00e9s commerciales pour les professionnels du secteur agroalimentaire. Lors de cette nouvelle \u00e9dition, qui se tiendra du 20 au 22 novembre au Palais des Foires et Expositions de la R\u00e9gion de Murcie (IFEPA), un outil promotionnel sera activ\u00e9 pour la premi\u00e8re fois. <strong>Rendez-vous professionnels B2B<\/strong> con\u00e7u pour <strong>maximiser le r\u00e9seautage pendant le salon<\/strong>.<\/p>\n\n\n\n<p><strong>Une plateforme pour planifier des r\u00e9unions et g\u00e9n\u00e9rer des opportunit\u00e9s<\/strong><\/p>\n\n\n\n<p>La nouvelle plateforme de r\u00e9seautage, accessible depuis <a href=\"http:\/\/www.empresas.hortifruit.com\">empresas.hortifruit.com<\/a>, permet aux exposants et aux participants inscrits <strong>organiser des r\u00e9unions de mani\u00e8re agile et organis\u00e9e<\/strong>, anticipant les jours de l&#039;\u00e9v\u00e9nement.<\/p>\n\n\n\n<p>Cet outil a \u00e9t\u00e9 con\u00e7u pour faciliter les rencontres entre les acteurs cl\u00e9s du secteur : producteurs, distributeurs, marketeurs, fournisseurs de technologies agricoles, startups, centres de recherche et agents internationaux.<\/p>\n\n\n\n<p><strong>Fonctionnement simple et efficace<\/strong><\/p>\n\n\n\n<p>Le processus pour participer \u00e0 ce syst\u00e8me de r\u00e9union est tr\u00e8s simple :<\/p>\n\n\n\n<ol class=\"wp-block-list\">\n<li>Cr\u00e9ez un profil professionnel (particulier ou entreprise) sur la plateforme.<\/li>\n\n\n\n<li>Acc\u00e9dez au moteur de recherche des entreprises participantes.<\/li>\n\n\n\n<li>Consultez les profils disponibles et les horaires disponibles.<\/li>\n\n\n\n<li>Demandez un rendez-vous en pr\u00e9cisant le motif du rendez-vous.<\/li>\n\n\n\n<li>Confirmez le rendez-vous une fois qu&#039;il est accept\u00e9 par l&#039;autre partie.<\/li>\n<\/ol>\n\n\n\n<p>Les r\u00e9unions se tiendront en personne pendant le salon, dans des espaces d\u00e9sign\u00e9s au sein du lieu, optimisant ainsi le temps et assurant le contact avec les principales parties prenantes.<\/p>\n\n\n\n<p><strong>Un pas de plus vers un salon professionnel, efficace et connect\u00e9<\/strong><\/p>\n\n\n\n<p>Ce syst\u00e8me de rendez-vous s&#039;inscrit dans la vision strat\u00e9gique d&#039;HortiFruit en tant que salon agricole international orient\u00e9 vers <strong>Transformation du secteur des fruits et l\u00e9gumes gr\u00e2ce \u00e0 la connaissance, \u00e0 l&#039;innovation et aux alliances strat\u00e9giques<\/strong>.<\/p>\n\n\n\n<p>En facilitant les connexions directes et les agendas personnalis\u00e9s, HortiFruit consolide son r\u00f4le de plateforme de rencontre pour le d\u00e9veloppement de nouvelles entreprises, de collaborations technologiques et de projets d&#039;internationalisation.<\/p>\n\n\n\n<p><strong>Participez \u00e0 l&#039;\u00e9v\u00e9nement de r\u00e9seautage HortiFruit 2025<\/strong><\/p>\n\n\n\n<p>Tous les exposants et professionnels pourront utiliser cet outil sans frais suppl\u00e9mentaires. Les inscriptions sont ouvertes d\u00e8s maintenant. <a href=\"http:\/\/www.empresas.hortifruit.com\">empresas.hortifruit.com<\/a>, o\u00f9 vous pouvez cr\u00e9er un profil, consulter les participants et planifier des r\u00e9unions d\u00e8s aujourd&#039;hui. Avec cette initiative, HortiFruit renforce son objectif d&#039;\u00eatre <strong>l&#039;\u00e9v\u00e9nement leader des fruits et l\u00e9gumes en Espagne<\/strong>, non seulement pour son offre d\u2019exposition, mais aussi pour sa capacit\u00e9 \u00e0 g\u00e9n\u00e9rer des contacts strat\u00e9giques de grande valeur pour le pr\u00e9sent et l\u2019avenir du secteur.<\/p>","protected":false},"excerpt":{"rendered":"<p>HortiFruit 2025 franchit une \u00e9tape d\u00e9cisive dans son engagement en faveur de l&#039;innovation et du d\u00e9veloppement de r\u00e9elles opportunit\u00e9s commerciales pour les professionnels du secteur agroalimentaire. Cette nouvelle \u00e9dition, qui se tiendra du 20 au 22 novembre au Parc des expositions de la r\u00e9gion de Murcie (IFEPA), est anim\u00e9e par [\u2026]<\/p>","protected":false},"author":2,"featured_media":758,"comment_status":"open","ping_status":"open","sticky":false,"template":"","format":"standard","meta":{"inline_featured_image":false,"footnotes":""},"categories":[1],"tags":[],"class_list":["post-757","post","type-post","status-publish","format-standard","has-post-thumbnail","hentry","category-sin-categoria"],"_links":{"self":[{"href":"https:\/\/hortifruit.com\/fr\/wp-json\/wp\/v2\/posts\/757","targetHints":{"allow":["GET"]}}],"collection":[{"href":"https:\/\/hortifruit.com\/fr\/wp-json\/wp\/v2\/posts"}],"about":[{"href":"https:\/\/hortifruit.com\/fr\/wp-json\/wp\/v2\/types\/post"}],"author":[{"embeddable":true,"href":"https:\/\/hortifruit.com\/fr\/wp-json\/wp\/v2\/users\/2"}],"replies":[{"embeddable":true,"href":"https:\/\/hortifruit.com\/fr\/wp-json\/wp\/v2\/comments?post=757"}],"version-history":[{"count":1,"href":"https:\/\/hortifruit.com\/fr\/wp-json\/wp\/v2\/posts\/757\/revisions"}],"predecessor-version":[{"id":767,"href":"https:\/\/hortifruit.com\/fr\/wp-json\/wp\/v2\/posts\/757\/revisions\/767"}],"wp:featuredmedia":[{"embeddable":true,"href":"https:\/\/hortifruit.com\/fr\/wp-json\/wp\/v2\/media\/758"}],"wp:attachment":[{"href":"https:\/\/hortifruit.com\/fr\/wp-json\/wp\/v2\/media?parent=757"}],"wp:term":[{"taxonomy":"category","embeddable":true,"href":"https:\/\/hortifruit.com\/fr\/wp-json\/wp\/v2\/categories?post=757"},{"taxonomy":"post_tag","embeddable":true,"href":"https:\/\/hortifruit.com\/fr\/wp-json\/wp\/v2\/tags?post=757"}],"curies":[{"name":"wp","href":"https:\/\/api.w.org\/{rel}","templated":true}]}}